{"id":2692,"date":"2025-04-08T15:07:24","date_gmt":"2025-04-08T15:07:24","guid":{"rendered":"https:\/\/virtuva.uva.es\/site\/?p=2692"},"modified":"2026-01-14T07:33:06","modified_gmt":"2026-01-14T07:33:06","slug":"i-miniweek-de-innovacion-docente","status":"publish","type":"post","link":"https:\/\/virtuva.uva.es\/site\/i-miniweek-de-innovacion-docente\/","title":{"rendered":"I Miniweek de Innovaci\u00f3n Docente"},"content":{"rendered":"\n<div class=\"wp-block-columns mt-4 is-layout-flex wp-container-core-columns-is-layout-9d6595d7 wp-block-columns-is-layout-flex\">\n<div class=\"wp-block-column is-layout-flow wp-block-column-is-layout-flow\" style=\"flex-basis:66.66%\">\n<p>Del 10 al 12 de junio de 2025, la Universidad de Valladolid acoger\u00e1 la&nbsp;<strong>I Miniweek de Innovaci\u00f3n Docente<\/strong>, un evento dise\u00f1ado para explorar y promover pr\u00e1cticas educativas innovadoras que generen un impacto transformador en el aprendizaje universitario. Bajo el lema&nbsp;<em>\u00abAprendizaje con impacto, aprendizaje que transforma\u00bb<\/em>, reuniremos a docentes, investigadores y profesionales de la educaci\u00f3n para compartir enfoques, herramientas y metodolog\u00edas que impulsan un aprendizaje activo y significativo.<br>La Miniweek ofrecer\u00e1 una combinaci\u00f3n de actividades din\u00e1micas que incluyen conferencias plenarias con expertos destacados, talleres pr\u00e1cticos y espacios de interacci\u00f3n para reflexionar y actuar sobre c\u00f3mo mejorar nuestras pr\u00e1cticas educativas. <\/p>\n<\/div>\n\n\n\n<div class=\"wp-block-column is-layout-flow wp-block-column-is-layout-flow\" style=\"flex-basis:33.33%\">\n<div class=\"wp-block-buttons is-layout-flex wp-block-buttons-is-layout-flex\">\n<div class=\"wp-block-button has-custom-width wp-block-button__width-100 is-style-outline is-style-outline--1\"><a class=\"wp-block-button__link has-white-background-color has-text-color has-background wp-element-button\" href=\"https:\/\/fundacion-uva.symposium.events\/127878\/detail\/i-miniweek-de-innovacion-docente.html\" style=\"border-top-left-radius:44px;border-top-right-radius:44px;border-bottom-left-radius:44px;border-bottom-right-radius:44px;color:#a50034\"><strong>P\u00e1gina web de la I Miniweek de Innovaci\u00f3n Docente<\/strong><\/a><\/div>\n\n\n\n<div class=\"wp-block-button has-custom-width wp-block-button__width-100 is-style-outline is-style-outline--2\"><a class=\"wp-block-button__link has-white-background-color has-text-color has-background wp-element-button\" href=\"http:\/\/virtuva.uva.es\/site\/wp-content\/uploads\/2025\/06\/Programa-I-Miniweek-Innovacion-Docente-UVa.pdf\" style=\"border-top-left-radius:43px;border-top-right-radius:43px;border-bottom-left-radius:43px;border-bottom-right-radius:43px;color:#a50034\" target=\"_blank\" rel=\"noreferrer noopener\"><strong>Programa de la I Miniweek de Innovaci\u00f3n Docente<\/strong><\/a><\/div>\n\n\n\n<div class=\"wp-block-button has-custom-width wp-block-button__width-100 is-style-outline is-style-outline--3\"><a class=\"wp-block-button__link has-white-background-color has-text-color has-background wp-element-button\" href=\"https:\/\/www.youtube.com\/watch?v=rXsGT4bVKxg&amp;list=PLSbo9kXA_LcwNUVB9cVF4h9WQKdVI106n\" style=\"border-top-left-radius:44px;border-top-right-radius:44px;border-bottom-left-radius:44px;border-bottom-right-radius:44px;color:#a50034\" target=\"_blank\" rel=\"noreferrer noopener\"><strong>V\u00eddeos I Miniweek de Innovaci\u00f3n Docente<\/strong><\/a><\/div>\n<\/div>\n<\/div>\n<\/div>\n\n\n\n<h2 class=\"wp-block-heading h3\">L\u00edneas tem\u00e1ticas<\/h2>\n\n\n\n<div class=\"wp-block-columns is-layout-flex wp-container-core-columns-is-layout-9d6595d7 wp-block-columns-is-layout-flex\">\n<div class=\"wp-block-column mb-0 pt-0 is-layout-flow wp-block-column-is-layout-flow\">\n<ol class=\"wp-block-list\">\n<li><strong>Nuevas tecnolog\u00edas en la educaci\u00f3n:<\/strong>&nbsp;Uso innovador de herramientas digitales.<\/li>\n\n\n\n<li><strong>Inteligencia Artificial Generativa (IAG):<\/strong>&nbsp;Aplicaciones disruptivas para la docencia.<\/li>\n\n\n\n<li><strong>Docencia y evaluaci\u00f3n online:<\/strong>&nbsp;T\u00e9cnicas para enriquecer la educaci\u00f3n digital.<\/li>\n\n\n\n<li><strong>Internacionalizaci\u00f3n:<\/strong>&nbsp;Creaci\u00f3n de experiencias educativas multiculturales.<\/li>\n<\/ol>\n<\/div>\n\n\n\n<div class=\"wp-block-column mt-0 pt-0 is-layout-flow wp-block-column-is-layout-flow\">\n<ol start=\"5\" class=\"wp-block-list\">\n<li><strong>Responsabilidad social universitaria:<\/strong>&nbsp;Vinculaci\u00f3n con los Objetivos de Desarrollo Sostenible.<\/li>\n\n\n\n<li><strong>Metodolog\u00edas activas de aprendizaje:<\/strong>&nbsp;Desde la gamificaci\u00f3n hasta el aprendizaje basado en proyectos.<\/li>\n\n\n\n<li><strong>Power skills para la ense\u00f1anza:<\/strong>&nbsp;Desarrollo de habilidades socioemocionales y pensamiento cr\u00edtico.<\/li>\n\n\n\n<li><strong>Recursos educativos en abierto:<\/strong>&nbsp;Creaci\u00f3n de contenidos accesibles y pr\u00e1cticos.<\/li>\n<\/ol>\n\n\n\n<p><\/p>\n\n\n\n<p><\/p>\n\n\n\n<p><\/p>\n<\/div>\n<\/div>\n\n\n\n<h2 class=\"wp-block-heading h3\">\u00bfPor qu\u00e9 participar?<\/h2>\n\n\n\n<p>Esta Miniweek es una oportunidad \u00fanica para:<\/p>\n\n\n\n<ul class=\"wp-block-list\">\n<li>Conectar con colegas y expertos en innovaci\u00f3n educativa.<\/li>\n\n\n\n<li>Compartir tus experiencias y proyectos en un entorno colaborativo.<\/li>\n\n\n\n<li>Descubrir nuevas estrategias y herramientas para transformar la ense\u00f1anza.<\/li>\n<\/ul>\n\n\n\n<div style=\"height:20px\" aria-hidden=\"true\" class=\"wp-block-spacer\"><\/div>\n\n\n\n<h2 class=\"wp-block-heading h3 mt-3\">Participa y transforma la educaci\u00f3n&nbsp;<\/h2>\n\n\n\n<p>La fecha l\u00edmite para enviar propuestas es el&nbsp;<strong>31 de marzo de 2025<\/strong>, y las propuestas seleccionadas podr\u00e1n ser publicadas en un monogr\u00e1fico especial sobre innovaci\u00f3n docente. La&nbsp;<strong>I Miniweek de Innovaci\u00f3n Docente<\/strong>&nbsp;te invita a <a href=\"https:\/\/www.miniweekinnovacionuva.es\/127878\/section\/54982\/i-miniweek-de-innovacion-docente.html\" target=\"_blank\" rel=\"noreferrer noopener\"><strong>enviar tu propuesta<\/strong><\/a> y compartir tus enfoques, herramientas y experiencias con una comunidad comprometida con la innovaci\u00f3n educativa.<\/p>\n\n\n\n<p>\u00a1\u00danete a nosotros y s\u00e9 parte del cambio en la educaci\u00f3n universitaria!<\/p>\n\n\n\n<p>\u00a1<strong>Transformemos juntos el aprendizaje universitario<\/strong>!<\/p>\n\n\n\n<div class=\"wp-block-columns is-layout-flex wp-container-core-columns-is-layout-9d6595d7 wp-block-columns-is-layout-flex\">\n<div class=\"wp-block-column is-layout-flow wp-block-column-is-layout-flow\"><\/div>\n<\/div>\n\n\n\n<p><\/p>\n","protected":false},"excerpt":{"rendered":"<p>Del 10 al 12 de junio de 2025, la Universidad de Valladolid acoger\u00e1 la\u00a0I Miniweek de Innovaci\u00f3n Docente, un evento dise\u00f1ado para explorar y promover pr\u00e1cticas educativas innovadoras que generen un impacto transformador en el aprendizaje universitario, bajo el lema\u00a0\u00abAprendizaje con impacto, aprendizaje que transforma\u00bb<\/p>\n","protected":false},"author":1,"featured_media":2694,"comment_status":"closed","ping_status":"open","sticky":false,"template":"","format":"standard","meta":{"videodestacado":"","videodestacado_sr":"","footnotes":""},"categories":[10,18],"tags":[],"class_list":["post-2692","post","type-post","status-publish","format-standard","has-post-thumbnail","hentry","category-jornadas-eventos-interes","category-jornadas-uva"],"_links":{"self":[{"href":"https:\/\/virtuva.uva.es\/site\/wp-json\/wp\/v2\/posts\/2692","targetHints":{"allow":["GET"]}}],"collection":[{"href":"https:\/\/virtuva.uva.es\/site\/wp-json\/wp\/v2\/posts"}],"about":[{"href":"https:\/\/virtuva.uva.es\/site\/wp-json\/wp\/v2\/types\/post"}],"author":[{"embeddable":true,"href":"https:\/\/virtuva.uva.es\/site\/wp-json\/wp\/v2\/users\/1"}],"replies":[{"embeddable":true,"href":"https:\/\/virtuva.uva.es\/site\/wp-json\/wp\/v2\/comments?post=2692"}],"version-history":[{"count":40,"href":"https:\/\/virtuva.uva.es\/site\/wp-json\/wp\/v2\/posts\/2692\/revisions"}],"predecessor-version":[{"id":3390,"href":"https:\/\/virtuva.uva.es\/site\/wp-json\/wp\/v2\/posts\/2692\/revisions\/3390"}],"wp:featuredmedia":[{"embeddable":true,"href":"https:\/\/virtuva.uva.es\/site\/wp-json\/wp\/v2\/media\/2694"}],"wp:attachment":[{"href":"https:\/\/virtuva.uva.es\/site\/wp-json\/wp\/v2\/media?parent=2692"}],"wp:term":[{"taxonomy":"category","embeddable":true,"href":"https:\/\/virtuva.uva.es\/site\/wp-json\/wp\/v2\/categories?post=2692"},{"taxonomy":"post_tag","embeddable":true,"href":"https:\/\/virtuva.uva.es\/site\/wp-json\/wp\/v2\/tags?post=2692"}],"curies":[{"name":"wp","href":"https:\/\/api.w.org\/{rel}","templated":true}]}}